{"id":225,"date":"2006-10-09T13:46:31","date_gmt":"2006-10-09T11:46:31","guid":{"rendered":"http:\/\/www.patrick-wagner.net\/Wordpress\/?p=225"},"modified":"2008-10-10T11:55:10","modified_gmt":"2008-10-10T09:55:10","slug":"demonstrieren-fuer-lopez","status":"publish","type":"post","link":"http:\/\/www.patrick-wagner.net\/Wordpress\/?p=225","title":{"rendered":"Demonstrieren f\u00fcr Lopez"},"content":{"rendered":"<p><span lang=\"DE\" \/><span lang=\"DE\">Am vergangenen Freitag, der 6. Oktober, haben sich mehrere tausend Leute auf die <em>Plaza de Majo<\/em> versammelt, um f\u00fcr Lopez und gegen die Zust\u00e4nde, wie sie bei der argentinischen Milit\u00e4rdiktatur herrschten, zu demonstrieren.<\/span><\/p>\n<p class=\"MsoNormal\"><span lang=\"DE\">Ich h\u00f6rte im Radio davon, schnappte sogleich meine Kamera, und war bereits um 18 Uhr vor Ort. Es waren schon viele Organisationen, meist politisch interessiert, auf und um den Platz und zeigten ihre selbst gebastelten Banner oder Flaggen. Die ganze Demonstration ging bis sp\u00e4t in die Nacht und wurde von vielem Fernsehsender live \u00fcbertragen. Auch die Presse war vor Ort. Zum Beispiel stand ich neben einer Fotografin von <em>La Nacion<\/em> und schoss dieselben Bilder.<\/span><\/p>\n<p class=\"MsoNormal\"><span lang=\"DE\">Ich war sehr von den Emotionen der Argentinier begeistert, ob alt oder jung, trug jeder seinen Teil dazu bei. Viele glauben, dass Lopez wieder auftaucht, wie ich in Gespr\u00e4chen herausfinden konnten: \u201eSonst w\u00e4ren wir ja nicht hier und w\u00fcrden demonstrieren, wenn wir glauben w\u00fcrden, dass er tot ist.\u201c<\/span><\/p>\n<p class=\"MsoNormal\"><span lang=\"DE\">Meine Pers\u00f6nliche Meinung dazu ist, dass es hoffnungslos ist, dass Lopez noch lebt. Das ganze erscheint mir nur wie eine riesige Werbekampagne f\u00fcr die Politik und vor allem f\u00fcr Kirchner. Denn man darf den Hintergrund nicht vergessen, dass im Jahr 2007 Wahlen in Argentinien sind.<\/span><\/p>\n<p class=\"MsoNormal\"><span lang=\"DE\">Ich bin mir sicher, dass Kirchner wieder gew\u00e4hlt wird.<\/span><\/p>\n<p class=\"MsoNormal\"><span lang=\"DE\">Die Argentinier demonstrieren in Allgemeinen sehr gerne. Diese finden immer auf die <em>Plaza de Mayo<\/em> statt und die Z\u00fcge gehen meistens vom Kongress \u00fcber die <em>9 de Julio<\/em> zum <em>Casa Rosada<\/em> auf dem<em> Plaza de Mayo<\/em><\/span><\/p>\n<p class=\"MsoNormal\"><a title=\"DSC_0870.jpg\" class=\"imagelink\" href=\"http:\/\/www.patrick-wagner.net\/Wordpress\/wp-content\/uploads\/2006\/10\/DSC_0870.jpg\"><img decoding=\"async\" alt=\"DSC_0870.jpg\" id=\"image203\" src=\"http:\/\/www.patrick-wagner.net\/Wordpress\/wp-content\/uploads\/2006\/10\/DSC_0870.thumbnail.jpg\" \/><\/a>  <a title=\"DSC_0895.jpg\" class=\"imagelink\" href=\"http:\/\/www.patrick-wagner.net\/Wordpress\/wp-content\/uploads\/2006\/10\/DSC_0895.jpg\"><img decoding=\"async\" alt=\"DSC_0895.jpg\" id=\"image204\" src=\"http:\/\/www.patrick-wagner.net\/Wordpress\/wp-content\/uploads\/2006\/10\/DSC_0895.thumbnail.jpg\" \/><\/a>  <a class=\"imagelink\" title=\"DSC_0905.jpg\" href=\"http:\/\/www.patrick-wagner.net\/Wordpress\/wp-content\/uploads\/2006\/10\/DSC_0905.jpg\"><img decoding=\"async\" id=\"image226\" alt=\"DSC_0905.jpg\" src=\"http:\/\/www.patrick-wagner.net\/Wordpress\/wp-content\/uploads\/2006\/10\/DSC_0905.thumbnail.jpg\" \/><\/a>  <a title=\"DSC_0922.jpg\" class=\"imagelink\" href=\"http:\/\/www.patrick-wagner.net\/Wordpress\/wp-content\/uploads\/2006\/10\/DSC_0922.jpg\"><img decoding=\"async\" alt=\"DSC_0922.jpg\" id=\"image206\" src=\"http:\/\/www.patrick-wagner.net\/Wordpress\/wp-content\/uploads\/2006\/10\/DSC_0922.thumbnail.jpg\" \/><\/a>  <a title=\"DSC_0936.jpg\" class=\"imagelink\" href=\"http:\/\/www.patrick-wagner.net\/Wordpress\/wp-content\/uploads\/2006\/10\/DSC_0936.jpg\"><img decoding=\"async\" alt=\"DSC_0936.jpg\" id=\"image207\" src=\"http:\/\/www.patrick-wagner.net\/Wordpress\/wp-content\/uploads\/2006\/10\/DSC_0936.thumbnail.jpg\" \/><\/a>  <a title=\"DSC_1001.jpg\" class=\"imagelink\" href=\"http:\/\/www.patrick-wagner.net\/Wordpress\/wp-content\/uploads\/2006\/10\/DSC_1001.jpg\"><img decoding=\"async\" alt=\"DSC_1001.jpg\" id=\"image208\" src=\"http:\/\/www.patrick-wagner.net\/Wordpress\/wp-content\/uploads\/2006\/10\/DSC_1001.thumbnail.jpg\" \/><\/a>  <a title=\"DSC_1009.jpg\" class=\"imagelink\" href=\"http:\/\/www.patrick-wagner.net\/Wordpress\/wp-content\/uploads\/2006\/10\/DSC_1009.jpg\"><img decoding=\"async\" alt=\"DSC_1009.jpg\" id=\"image209\" src=\"http:\/\/www.patrick-wagner.net\/Wordpress\/wp-content\/uploads\/2006\/10\/DSC_1009.thumbnail.jpg\" \/><\/a>  <a title=\"DSC_1013.jpg\" class=\"imagelink\" href=\"http:\/\/www.patrick-wagner.net\/Wordpress\/wp-content\/uploads\/2006\/10\/DSC_1013.jpg\"><img decoding=\"async\" alt=\"DSC_1013.jpg\" id=\"image210\" src=\"http:\/\/www.patrick-wagner.net\/Wordpress\/wp-content\/uploads\/2006\/10\/DSC_1013.thumbnail.jpg\" \/><\/a>  <a title=\"DSC_1039.jpg\" class=\"imagelink\" href=\"http:\/\/www.patrick-wagner.net\/Wordpress\/wp-content\/uploads\/2006\/10\/DSC_1039.jpg\"><img decoding=\"async\" alt=\"DSC_1039.jpg\" id=\"image211\" src=\"http:\/\/www.patrick-wagner.net\/Wordpress\/wp-content\/uploads\/2006\/10\/DSC_1039.thumbnail.jpg\" \/><\/a>  <a title=\"DSC_1069.jpg\" class=\"imagelink\" href=\"http:\/\/www.patrick-wagner.net\/Wordpress\/wp-content\/uploads\/2006\/10\/DSC_1069.jpg\"><img decoding=\"async\" alt=\"DSC_1069.jpg\" id=\"image212\" src=\"http:\/\/www.patrick-wagner.net\/Wordpress\/wp-content\/uploads\/2006\/10\/DSC_1069.thumbnail.jpg\" \/><\/a>\u00a0  <a title=\"DSC_1103.jpg\" class=\"imagelink\" href=\"http:\/\/www.patrick-wagner.net\/Wordpress\/wp-content\/uploads\/2006\/10\/DSC_1103.jpg\"><img decoding=\"async\" alt=\"DSC_1103.jpg\" id=\"image214\" src=\"http:\/\/www.patrick-wagner.net\/Wordpress\/wp-content\/uploads\/2006\/10\/DSC_1103.thumbnail.jpg\" \/><\/a>  <a title=\"DSC_11171.jpg\" class=\"imagelink\" href=\"http:\/\/www.patrick-wagner.net\/Wordpress\/wp-content\/uploads\/2006\/10\/DSC_11171.jpg\"><img decoding=\"async\" alt=\"DSC_11171.jpg\" id=\"image216\" src=\"http:\/\/www.patrick-wagner.net\/Wordpress\/wp-content\/uploads\/2006\/10\/DSC_11171.thumbnail.jpg\" \/><\/a>  <a title=\"DSC_11321.jpg\" class=\"imagelink\" href=\"http:\/\/www.patrick-wagner.net\/Wordpress\/wp-content\/uploads\/2006\/10\/DSC_11321.jpg\"><img decoding=\"async\" alt=\"DSC_11321.jpg\" id=\"image218\" src=\"http:\/\/www.patrick-wagner.net\/Wordpress\/wp-content\/uploads\/2006\/10\/DSC_11321.thumbnail.jpg\" \/><\/a>  <a title=\"DSC_1162.jpg\" class=\"imagelink\" href=\"http:\/\/www.patrick-wagner.net\/Wordpress\/wp-content\/uploads\/2006\/10\/DSC_1162.jpg\"><img decoding=\"async\" alt=\"DSC_1162.jpg\" id=\"image219\" src=\"http:\/\/www.patrick-wagner.net\/Wordpress\/wp-content\/uploads\/2006\/10\/DSC_1162.thumbnail.jpg\" \/><\/a>  <a title=\"DSC_11631.jpg\" class=\"imagelink\" href=\"http:\/\/www.patrick-wagner.net\/Wordpress\/wp-content\/uploads\/2006\/10\/DSC_11631.jpg\"><img decoding=\"async\" alt=\"DSC_11631.jpg\" id=\"image221\" src=\"http:\/\/www.patrick-wagner.net\/Wordpress\/wp-content\/uploads\/2006\/10\/DSC_11631.thumbnail.jpg\" \/><\/a>  <a title=\"DSC_1181.jpg\" class=\"imagelink\" href=\"http:\/\/www.patrick-wagner.net\/Wordpress\/wp-content\/uploads\/2006\/10\/DSC_1181.jpg\"><img decoding=\"async\" alt=\"DSC_1181.jpg\" id=\"image222\" src=\"http:\/\/www.patrick-wagner.net\/Wordpress\/wp-content\/uploads\/2006\/10\/DSC_1181.thumbnail.jpg\" \/><\/a>  <a title=\"DSC_1211.jpg\" class=\"imagelink\" href=\"http:\/\/www.patrick-wagner.net\/Wordpress\/wp-content\/uploads\/2006\/10\/DSC_1211.jpg\"><img decoding=\"async\" alt=\"DSC_1211.jpg\" id=\"image223\" src=\"http:\/\/www.patrick-wagner.net\/Wordpress\/wp-content\/uploads\/2006\/10\/DSC_1211.thumbnail.jpg\" \/><\/a>  <a title=\"DSC_1227.jpg\" class=\"imagelink\" href=\"http:\/\/www.patrick-wagner.net\/Wordpress\/wp-content\/uploads\/2006\/10\/DSC_1227.jpg\"><img decoding=\"async\" alt=\"DSC_1227.jpg\" id=\"image224\" src=\"http:\/\/www.patrick-wagner.net\/Wordpress\/wp-content\/uploads\/2006\/10\/DSC_1227.thumbnail.jpg\" \/><\/a><\/p>\n<p class=\"MsoNormal\"><!--e19e95a946a52be7390d57f532996a4d--><\/p>\n","protected":false},"excerpt":{"rendered":"<p>Am vergangenen Freitag, der 6. Oktober, haben sich mehrere tausend Leute auf die Plaza de Majo versammelt, um f\u00fcr Lopez und gegen die Zust\u00e4nde, wie sie bei der argentinischen Milit\u00e4rdiktatur herrschten, zu demonstrieren. Ich h\u00f6rte im Radio davon, schnappte sogleich meine Kamera, und war bereits um 18 Uhr vor Ort. Es waren schon viele Organisationen, [&hellip;]<\/p>\n","protected":false},"author":1,"featured_media":0,"comment_status":"open","ping_status":"open","sticky":false,"template":"","format":"standard","meta":{"footnotes":""},"categories":[7],"tags":[],"_links":{"self":[{"href":"http:\/\/www.patrick-wagner.net\/Wordpress\/index.php?rest_route=\/wp\/v2\/posts\/225"}],"collection":[{"href":"http:\/\/www.patrick-wagner.net\/Wordpress\/index.php?rest_route=\/wp\/v2\/posts"}],"about":[{"href":"http:\/\/www.patrick-wagner.net\/Wordpress\/index.php?rest_route=\/wp\/v2\/types\/post"}],"author":[{"embeddable":true,"href":"http:\/\/www.patrick-wagner.net\/Wordpress\/index.php?rest_route=\/wp\/v2\/users\/1"}],"replies":[{"embeddable":true,"href":"http:\/\/www.patrick-wagner.net\/Wordpress\/index.php?rest_route=%2Fwp%2Fv2%2Fcomments&post=225"}],"version-history":[{"count":0,"href":"http:\/\/www.patrick-wagner.net\/Wordpress\/index.php?rest_route=\/wp\/v2\/posts\/225\/revisions"}],"wp:attachment":[{"href":"http:\/\/www.patrick-wagner.net\/Wordpress\/index.php?rest_route=%2Fwp%2Fv2%2Fmedia&parent=225"}],"wp:term":[{"taxonomy":"category","embeddable":true,"href":"http:\/\/www.patrick-wagner.net\/Wordpress\/index.php?rest_route=%2Fwp%2Fv2%2Fcategories&post=225"},{"taxonomy":"post_tag","embeddable":true,"href":"http:\/\/www.patrick-wagner.net\/Wordpress\/index.php?rest_route=%2Fwp%2Fv2%2Ftags&post=225"}],"curies":[{"name":"wp","href":"https:\/\/api.w.org\/{rel}","templated":true}]}}