{"id":368,"date":"2007-06-01T04:50:16","date_gmt":"2007-06-01T02:50:16","guid":{"rendered":"http:\/\/www.patrick-wagner.net\/Wordpress\/?p=368"},"modified":"2008-10-10T11:56:27","modified_gmt":"2008-10-10T09:56:27","slug":"kalter-herbsteinbruch-in-buenos-aires","status":"publish","type":"post","link":"http:\/\/www.patrick-wagner.net\/Wordpress\/?p=368","title":{"rendered":"Kalter Herbsteinbruch in Buenos Aires"},"content":{"rendered":"<p>Zurzeit wird das maritime Klima der Hauptstadt Argentiniens von polaren Kaltluftmassen bestimmt. Dies hat zur Folge, dass bereits im normalerweise milderen Herbst, sehr tiefe Temperaturen erreicht werden.<br \/>\nAls ich vor ein paar Tagen fr\u00fch um 8.30 Uhr mein Haus verlie\u00df, um zur Arbeit zu gehen, bildeten sich wei\u00dfe Dampfw\u00f6lkchen vor meinem Mund. Das Thermometer verriet mir den Grund: es hatte zwei Grad unter den Gefrierpunkt. In diesem Moment f\u00fchlte ich mich irgendwie sonderlich wohl, fast wie im deutschen Winter. Allerdings habe ich mich auch sehr an die W\u00e4rme des argentinischen Sommers gew\u00f6hnt und fror deswegen umso mehr.<br \/>\nIch lie\u00df mir sagen, dass diese Temperaturen die tiefsten sind, die hier erreicht werden und dies sehr ungew\u00f6hnlich f\u00fcr diese Jahreszeit ist.<\/p>\n<p>Die Wirtschaft nutzt zurzeit in meinen Augen diese Klimasituation aus, um einen h\u00f6heren Profit einzufahren. Zum Teil wurden viele Tankstellen nicht mehr mit Gas beliefert, bzw. die Preise f\u00fcr Gas sind rapide angestiegen. Dies hat vor allem f\u00fcr Taxifahrer einen hohen wirtschaftlichen Schaden, da die Taxis in Buenos Aires fast ausschlie\u00dflich mit Gas betrieben werden.<\/p>\n<p>Aber auch die Industrie selbst wird beeinflusst, da die Energiezufuhr von den gro\u00dfen Firmen reguliert wird. Zum Beispiel konnte General Motors zeitweise nur zwei Stunden am Tag arbeiten, da sie nicht ausreichend Energie zur Verf\u00fcgung hatte.<\/p>\n<p>Neben dem Taxifahrer sind auch viele \u00f6ffentliche Geb\u00e4ude, wie Schule schwer betroffen. Hier sind die Heizung einfach oft ausgeschalten und die Sch\u00fcler werden in kalten Klassenzimmer unterrichtet. Dies trieb viele Sch\u00fcler und Lehrer auf die Stra\u00dfe und in letzter Zeit gab es viele Proteste und Stra\u00dfensperrungen.<br \/>\nHeute wurde ich erst der Zeuge, wie Sch\u00fcler eine Hauptstra\u00dfe komplett lahm legten und somit ein gro\u00dfes Verkehrschaos erzeugten. Auf ihren Bannern hatten sie Spr\u00fcche wie \u201eWir wollen eine Heizung\u201c geschrieben.<\/p>\n<p>Aber auch wir Freiwilligen, hier in Banfield, sp\u00fcren die Limitation des Gases. In unserem Haus haben wir leider keine fest installierte Heizung. Vielmehr heizen wir die R\u00e4ume mit einer kleinen Gasheizung, die wir an eine Gasflasche anschlie\u00dfen. Das gute daran ist, dass sie somit mobil einsetzbar ist. Allerdings ist es \u00fcber l\u00e4ngere Zeit nicht wirklich effektiv und durch den Verbrennungsprozess nimmt der Sauerstoff des Zimmers stark ab, was manchmal mit starken Kopfschmerzen endet.<br \/>\nZahlten wir noch vor ein paar Tage 21 Peso f\u00fcr eine Gasflasche, sind es heute schon fast 28 Peso. Ein extrem rapider Anstieg.<br \/>\nAuch muss man daran denken, dass in 4,6 Millionen Haushalten (bei 36 Millionen Einwohner ist das eine sehr hohe Zahl) die einzige Heizung eine solche mobile Gasflaschenheizung ist. Meist sind diese Haushalte sehr arm, wie zum Beispiel in Villa Fiorito viele H\u00e4user von Projektkinder nur durch diese Heizung betrieben werden. Dieser 20% Anstieg ist ein sehr h\u00f6here Ausgabenpunkt, denn wohl nicht alle Familien so leicht wegstecken k\u00f6nnen. Viele m\u00fcssen nun wahrscheinlich frieren.<\/p>\n<p>Eigentlich m\u00fcsste der Staat in solchen K\u00e4ltesituation den Gasmarkt mit seinen Reserven regulieren. In meinen Augen, hat er aber gerade sein eigentliches Ziel verfehlt.\n<\/p>\n<p><!--c337a1d940642f2e64713f1cabd48407-->\n<\/p>\n<p><!--3ad2bb2ae6b5fdf189a9ab3ab9ea3aaf--><\/p>\n","protected":false},"excerpt":{"rendered":"<p>Zurzeit wird das maritime Klima der Hauptstadt Argentiniens von polaren Kaltluftmassen bestimmt. Dies hat zur Folge, dass bereits im normalerweise milderen Herbst, sehr tiefe Temperaturen erreicht werden. Als ich vor ein paar Tagen fr\u00fch um 8.30 Uhr mein Haus verlie\u00df, um zur Arbeit zu gehen, bildeten sich wei\u00dfe Dampfw\u00f6lkchen vor meinem Mund. Das Thermometer verriet [&hellip;]<\/p>\n","protected":false},"author":1,"featured_media":0,"comment_status":"open","ping_status":"open","sticky":false,"template":"","format":"standard","meta":{"footnotes":""},"categories":[9],"tags":[],"_links":{"self":[{"href":"http:\/\/www.patrick-wagner.net\/Wordpress\/index.php?rest_route=\/wp\/v2\/posts\/368"}],"collection":[{"href":"http:\/\/www.patrick-wagner.net\/Wordpress\/index.php?rest_route=\/wp\/v2\/posts"}],"about":[{"href":"http:\/\/www.patrick-wagner.net\/Wordpress\/index.php?rest_route=\/wp\/v2\/types\/post"}],"author":[{"embeddable":true,"href":"http:\/\/www.patrick-wagner.net\/Wordpress\/index.php?rest_route=\/wp\/v2\/users\/1"}],"replies":[{"embeddable":true,"href":"http:\/\/www.patrick-wagner.net\/Wordpress\/index.php?rest_route=%2Fwp%2Fv2%2Fcomments&post=368"}],"version-history":[{"count":0,"href":"http:\/\/www.patrick-wagner.net\/Wordpress\/index.php?rest_route=\/wp\/v2\/posts\/368\/revisions"}],"wp:attachment":[{"href":"http:\/\/www.patrick-wagner.net\/Wordpress\/index.php?rest_route=%2Fwp%2Fv2%2Fmedia&parent=368"}],"wp:term":[{"taxonomy":"category","embeddable":true,"href":"http:\/\/www.patrick-wagner.net\/Wordpress\/index.php?rest_route=%2Fwp%2Fv2%2Fcategories&post=368"},{"taxonomy":"post_tag","embeddable":true,"href":"http:\/\/www.patrick-wagner.net\/Wordpress\/index.php?rest_route=%2Fwp%2Fv2%2Ftags&post=368"}],"curies":[{"name":"wp","href":"https:\/\/api.w.org\/{rel}","templated":true}]}}